[{"@context":"https:\/\/schema.org\/","@type":"Article","@id":"https:\/\/www.rosaline.cz\/nemusite-byt-uz-bez-proudu\/#Article","mainEntityOfPage":"https:\/\/www.rosaline.cz\/nemusite-byt-uz-bez-proudu\/","headline":"Nemus\u00edte b\u00fdt u\u017e bez proudu","name":"Nemus\u00edte b\u00fdt u\u017e bez proudu","description":"Lid\u00e9, kte\u0159\u00ed si koupili chatu nebo chalupu bez elektrick\u00e9ho p\u0159ipojen\u00ed, mohou \u0159e\u0161it tento probl\u00e9m n\u011bkolika mo\u017en\u00fdmi zp\u016fsoby. Jedn\u00edm z nich je i ten, \u017ee si nakoup\u00ed v\u011bt\u0161\u00ed mno\u017estv\u00ed sv\u00ed\u010dek (hlavn\u011b na zimn\u00ed obdob\u00ed). Nebo mohou pro\u017e\u00edvat kr\u00e1sn\u00e9 romantick\u00e9 chv\u00edle u \u010dad\u00edc\u00ed petrolejky. \u00b7 Dne\u0161n\u00ed \u010dlov\u011bk je ale u\u017e docela zh\u00fd\u010dkan\u00fd a tato \u0159e\u0161en\u00ed by se [&hellip;]","datePublished":"2017-12-06","dateModified":"2017-12-06","author":{"@type":"Person","@id":"https:\/\/www.rosaline.cz\/author\/#Person","name":"","url":"https:\/\/www.rosaline.cz\/author\/","identifier":1,"image":{"@type":"ImageObject","@id":"https:\/\/secure.gravatar.com\/avatar\/4e6a74466e4227c12d5306875d08720cdfce3572213740db6f4a2e5e46e710ff?s=96&d=mm&r=g","url":"https:\/\/secure.gravatar.com\/avatar\/4e6a74466e4227c12d5306875d08720cdfce3572213740db6f4a2e5e46e710ff?s=96&d=mm&r=g","height":96,"width":96}},"publisher":{"@type":"Organization","name":"rosaline.cz","logo":{"@type":"ImageObject","@id":"\/logo.png","url":"\/logo.png","width":600,"height":60}},"image":{"@type":"ImageObject","@id":"https:\/\/www.rosaline.cz\/wp-content\/uploads\/img_a306615_w2150_t1517909157.jpg","url":"https:\/\/www.rosaline.cz\/wp-content\/uploads\/img_a306615_w2150_t1517909157.jpg","height":0,"width":0},"url":"https:\/\/www.rosaline.cz\/nemusite-byt-uz-bez-proudu\/","about":["Hry"],"wordCount":386,"articleBody":"Lid\u00e9, kte\u0159\u00ed si koupili chatu nebo chalupu bez elektrick\u00e9ho p\u0159ipojen\u00ed, mohou \u0159e\u0161it tento probl\u00e9m n\u011bkolika mo\u017en\u00fdmi zp\u016fsoby. Jedn\u00edm z nich je i ten, \u017ee si nakoup\u00ed v\u011bt\u0161\u00ed mno\u017estv\u00ed sv\u00ed\u010dek (hlavn\u011b na zimn\u00ed obdob\u00ed). Nebo mohou pro\u017e\u00edvat kr\u00e1sn\u00e9 romantick\u00e9 chv\u00edle u \u010dad\u00edc\u00ed petrolejky.  \u00b7 Dne\u0161n\u00ed \u010dlov\u011bk je ale u\u017e docela zh\u00fd\u010dkan\u00fd a tato \u0159e\u0161en\u00ed by se mu asi z dlouhodob\u00e9ho hlediska p\u0159\u00edli\u0161 nezamlouvala. \u00b7 Proto je pot\u0159eba je\u0161t\u011b n\u011bjak\u00fd jin\u00fd zdroj, abychom pr\u00e1v\u011b ve chv\u00edli p\u0159esycenosti romantikou mohli jednodu\u0161e s\u00e1hnout po vyp\u00edna\u010di. Nemo\u017enost p\u0159ipojen\u00ed k distribu\u010dn\u00ed s\u00edti se d\u0159\u00edve \u0159e\u0161ila p\u0159edev\u0161\u00edm agreg\u00e1tem, kter\u00fd fungoval na benz\u00ednov\u00fd nebo naftov\u00fd pohon. Probl\u00e9m mohl nastat ve chv\u00edli, kdy do\u0161lo palivo a k nejbli\u017e\u0161\u00ed benzinov\u00e9 pump\u011b to bylo n\u011bkolik des\u00edtek kilometr\u016f. Vzhledem k tomu, \u017ee i vyt\u00e1p\u011bn\u00ed mnoh\u00fdch chat a chalup je z\u00e1visl\u00e9 na p\u0159\u00edsunu elekt\u0159iny, vznikl opravdov\u00fd probl\u00e9m. N\u00e1stupem fotovoltaick\u00fdch elektr\u00e1ren se tento probl\u00e9m d\u00e1 vy\u0159e\u0161it v n\u011bkolika kroc\u00edch. &#8211; Odborn\u00e1 firma zjist\u00ed va\u0161e po\u017eadavky a mo\u017enosti na vlastn\u00ed sol\u00e1rn\u00ed zdroj. &#8211; N\u00e1sledn\u011b vytvo\u0159\u00ed pot\u0159ebn\u00fd projekt, kter\u00fd obsahuje nejen projektovou dokumentaci, ale tak\u00e9 v\u0161echny ostatn\u00ed n\u00e1le\u017eitosti. &#8211; Pak p\u0159ijde ke slovu samotn\u00e1 mont\u00e1\u017e a v\u00fdsledkem je ostrovn\u00ed fotovoltaick\u00e1 elektr\u00e1rna, kter\u00e1 se postar\u00e1 o dod\u00e1vku elektrick\u00e9 energie ze slune\u010dn\u00edho z\u00e1\u0159en\u00ed.  Slun\u00ed\u010dko sv\u00edt\u00ed, i kdy\u017e ho nevid\u00edme N\u011bkte\u0159\u00ed potencion\u00e1ln\u00ed u\u017eivatel\u00e9 maj\u00ed obavu, jestli bude jejich elektr\u00e1rna schopn\u00e1 dostate\u010dn\u011b fungovat i v chladn\u00fdch zimn\u00edch m\u011bs\u00edc\u00edch. Tyto obavy jsou naprosto zbyte\u010dn\u00e9. V zim\u011b n\u00e1s sice slun\u00ed\u010dko p\u0159\u00edli\u0161 nezah\u0159eje, ale na v\u00fdrobu dostate\u010dn\u00e9ho mno\u017estv\u00ed elekt\u0159iny ur\u010dit\u011b sta\u010d\u00ed. To sam\u00e9 v\u011bt\u0161inou plat\u00ed i ve dnech, kdy je zata\u017eeno. P\u0159esto, \u017ee n\u00e1\u0161 zdroj sol\u00e1rn\u00ed energie neuvid\u00edme, st\u00e1le pro n\u00e1s ne\u00fanavn\u011b pracuje.  \u00b7 A v\u00edte, kde m\u016f\u017eete naj\u00edt nejmen\u0161\u00ed ostrovn\u00ed sol\u00e1rn\u00ed syst\u00e9my? &#8211; Na dopravn\u00edch zna\u010dk\u00e1ch.                                                                                                                                                                                                                                                                                                                                                                                                 "},{"@context":"https:\/\/schema.org\/","@type":"BreadcrumbList","itemListElement":[{"@type":"ListItem","position":1,"name":"Nemus\u00edte b\u00fdt u\u017e bez proudu","item":"https:\/\/www.rosaline.cz\/nemusite-byt-uz-bez-proudu\/#breadcrumbitem"}]}]