[{"@context":"https:\/\/schema.org\/","@type":"Article","@id":"https:\/\/www.rosaline.cz\/pece-o-zuby\/#Article","mainEntityOfPage":"https:\/\/www.rosaline.cz\/pece-o-zuby\/","headline":"P\u00e9\u010de o zuby","name":"P\u00e9\u010de o zuby","description":"Zn\u00e1te n\u011bjak\u00e9ho \u010dlov\u011bka, kter\u00e9 v\u016fbec nepe\u010duje o sv\u00e9 zuby? Pokud ano, tak je to opravdu \u0161koda. A v\u011b\u0159te tomu, \u017ee takov\u00fdch lid\u00ed je v\u00e1\u017en\u011b docela dost! Proto\u017ee j\u00e1 takov\u00e9 lid\u00e9 ve sv\u00e9m okol\u00ed zn\u00e1m hned t\u0159i, co\u017e se velmi div\u00edm. A mus\u00edm uznat, \u017ee je to velik\u00e1 \u0161koda. Proto\u017ee j\u00e1 sama absolutn\u011b nech\u00e1pu, jak n\u011bjak\u00fd [&hellip;]","datePublished":"2023-03-26","dateModified":"2023-04-27","author":{"@type":"Person","@id":"https:\/\/www.rosaline.cz\/author\/#Person","name":"","url":"https:\/\/www.rosaline.cz\/author\/","identifier":1,"image":{"@type":"ImageObject","@id":"https:\/\/secure.gravatar.com\/avatar\/4e6a74466e4227c12d5306875d08720cdfce3572213740db6f4a2e5e46e710ff?s=96&d=mm&r=g","url":"https:\/\/secure.gravatar.com\/avatar\/4e6a74466e4227c12d5306875d08720cdfce3572213740db6f4a2e5e46e710ff?s=96&d=mm&r=g","height":96,"width":96}},"publisher":{"@type":"Organization","name":"rosaline.cz","logo":{"@type":"ImageObject","@id":"\/logo.png","url":"\/logo.png","width":600,"height":60}},"image":{"@type":"ImageObject","@id":"https:\/\/www.rosaline.cz\/wp-content\/uploads\/toothbrush-2751212_960_720.jpg","url":"https:\/\/www.rosaline.cz\/wp-content\/uploads\/toothbrush-2751212_960_720.jpg","height":0,"width":0},"url":"https:\/\/www.rosaline.cz\/pece-o-zuby\/","about":["Business"],"wordCount":445,"articleBody":"        Zn\u00e1te n\u011bjak\u00e9ho \u010dlov\u011bka, kter\u00e9 v\u016fbec nepe\u010duje o sv\u00e9 zuby? Pokud ano, tak je to opravdu \u0161koda. A v\u011b\u0159te tomu, \u017ee takov\u00fdch lid\u00ed je v\u00e1\u017en\u011b docela dost! Proto\u017ee j\u00e1 takov\u00e9 lid\u00e9 ve sv\u00e9m okol\u00ed zn\u00e1m hned t\u0159i, co\u017e se velmi div\u00edm. A mus\u00edm uznat, \u017ee je to velik\u00e1 \u0161koda. Proto\u017ee j\u00e1 sama absolutn\u011b nech\u00e1pu, jak n\u011bjak\u00fd \u010dlov\u011bk se nem\u016f\u017ee starat o sv\u00e9 zuby. V\u017edy\u0165 je to potom velice \u0161patn\u00e9 a \u010dlov\u011bku se potom kaz\u00ed zuby. A kdy\u017e by se \u010dlov\u011bku zkazily zuby, tak je m\u00e1 potom takov\u00e9 o\u0161kliv\u00e9 a m\u016f\u017ee trp\u011bt tak\u00e9 zap\u00e1chat z \u00fast, co\u017e je dost nep\u0159\u00edjemn\u00e9 nejenom doty\u010dn\u00e9mu, ale tak\u00e9 hlavn\u011b jeho okol\u00ed.A proto\u017ee j\u00e1 sama bydl\u00edm v Praze se sv\u00fdm p\u0159\u00edtelem a d\u011btmi, tak jsme si samoz\u0159ejm\u011b na\u0161li zuba\u0159e v Praze. A mus\u00edm uznat, \u017ee to docela slo\u017eit\u00e9. Je to v\u00e1\u017en\u011b n\u00e1ro\u010dn\u00e9 sehnat kvalitn\u00edho zuba\u0159e v dne\u0161n\u00ed dob\u011b. Proto\u017ee je opravdu slo\u017eit\u00e9, zuba\u0159\u016f je m\u00e1lo a jen m\u00e1lokter\u00fd zuba\u0159 je\u0161t\u011b nab\u00edr\u00e1 pacienty. A kdy\u017e hled\u00e1te zuba\u0159e pro celou rodinu, tak je to je\u0161t\u011b t\u011b\u017e\u0161\u00ed. A na konec my jsme m\u011bli ale s p\u0159\u00edtelem a celou rodinou velik\u00e9 \u0161t\u011bst\u00ed, proto\u017ee zrovna moje zn\u00e1m\u00e1, n\u00e1m \u0159ekla, \u017ee bude nov\u00fd zuba\u0159 a bude nab\u00edrat i nov\u00e9 pacienty, tak\u017ee to bylo pro n\u00e1s naprosto ide\u00e1ln\u00ed. A jsem na n\u00ed opravdu py\u0161n\u00e1, \u017ee u\u017e kone\u010dn\u011b m\u00e1me sv\u00e9ho zuba\u0159e, d\u00edky kamar\u00e1dce u\u017e se nemus\u00edte zdr\u017eovat t\u00edm, \u017ee nem\u00e1me zuba\u0159e.V\u011b\u0159te mi, \u017ee kdy\u017e nem\u00e1te sv\u00e9ho zuba\u0159e p\u011bt let a v\u00edce, tak je to velice smutn\u00e9. Dokonce ani na\u0161e poji\u0161\u0165ovna n\u00e1m v\u016fbec nepomohla naj\u00edt toho prav\u00e9ho zuba\u0159e. Jsme s rodinou r\u00e1di, \u017ee m\u00e1me zuba\u0159e v Praze, proto\u017ee pra\u017e\u0161t\u00ed zuba\u0159i jsou velice \u0161ikovn\u00ed. Stejn\u011b tak jako \u00fapln\u011b v\u0161ichni \u0161ikovn\u00ed zuba\u0159i n\u011bkde jinde. T\u011b\u0161\u00ed m\u011b, \u017ee kone\u010dn\u011b jsem z\u00edskala sv\u00e9ho zuba\u0159e a mohu si nechat o\u0161et\u0159it zuby. Proto\u017ee nav\u00edc tak\u00e9 je\u0161t\u011b p\u0159em\u00fd\u0161l\u00edm, tak\u017ee bych si nechala zuby vyb\u011blit, a to bez odborn\u00e9 p\u00e9\u010de pana zuba\u0159e vlastn\u011b ani nejde. A zuba\u0159e v Praze hledejte pe\u010dliv\u011b, a\u0165 jste spokojen\u00ed, stejn\u011b tak jako j\u00e1.                                                                                                                                                                                                                                                                                                                                                                                           4.6\/5 - (5 votes)        "},{"@context":"https:\/\/schema.org\/","@type":"BreadcrumbList","itemListElement":[{"@type":"ListItem","position":1,"name":"P\u00e9\u010de o zuby","item":"https:\/\/www.rosaline.cz\/pece-o-zuby\/#breadcrumbitem"}]}]